{"id":2596,"date":"2025-03-14T18:33:19","date_gmt":"2025-03-14T15:33:19","guid":{"rendered":"https:\/\/shingalverein.org\/%d9%86%d8%af%d9%88%d8%a9-%d8%ab%d9%82%d8%a7%d9%81%d9%8a%d8%a9-%d9%85%d9%85%d9%8a%d8%b2%d8%a9-%d9%81%d9%8a-%d8%a8%d9%8a%d9%84%d9%81%d9%8a%d9%84%d8%af-%d8%ad%d9%88%d9%84-%d8%af%d9%88%d8%b1-%d8%a7%d9%84\/"},"modified":"2025-03-14T19:20:51","modified_gmt":"2025-03-14T16:20:51","slug":"herausragendes","status":"publish","type":"post","link":"https:\/\/shingalverein.org\/de\/herausragendes\/","title":{"rendered":"Herausragendes Kulturseminar in Bielefeld \u00fcber die Rolle ezidischer Jugendlicher bei der Bewahrung der ezidischen Identit\u00e4t in Deutschland"},"content":{"rendered":"\n<p><strong>Die \u015eengal-Vereinigung f\u00fcr Kultur und Medien organisierte in der deutschen Stadt Bielefeld ein bedeutendes Kulturseminar, das sich mit der essenziellen Rolle ezidischer Jugendlicher bei der Bewahrung der ezidischen Identit\u00e4t in Deutschland befasste.<\/strong><\/p>\n\n\n\n<p>Die Veranstaltung zog eine bemerkenswerte Anzahl junger Eziden sowie eine Elite von Intellektuellen an und schuf eine bereichernde und fruchtbare Dialogatmosph\u00e4re.<\/p>\n\n\n\n<h3 class=\"wp-block-heading\"><strong>Er\u00f6ffnungsreden mit starken Botschaften<\/strong><\/h3>\n\n\n\n<p>Das Seminar begann mit einer Rede eines Vertreters des Vorstands der \u015eengal-Vereinigung, der die Anwesenden herzlich begr\u00fc\u00dfte und die Bedeutung dieser Veranstaltung hervorhob. Er betonte die Notwendigkeit, das Bewusstsein der jungen Generation f\u00fcr den Erhalt ihrer Kultur und Identit\u00e4t zu st\u00e4rken, insbesondere angesichts der Herausforderungen, mit denen die ezidische Gemeinschaft in den letzten Jahren konfrontiert war.<\/p>\n\n\n\n<h3 class=\"wp-block-heading\"><strong>Schwerpunkte und Diskussionen des Seminars<\/strong><\/h3>\n\n\n\n<p>Der ezidische Geistliche <strong>Marwan Babiri<\/strong> sprach \u00fcber die zentrale Bedeutung der ezidischen Religion im Leben der Gemeinschaft. Er betonte die Notwendigkeit, an ihren Lehren und Werten festzuhalten, Einheit zu wahren und Spaltungen zu vermeiden.<\/p>\n\n\n\n<p>Der Dichter <strong>Barakat Al-Issa<\/strong> pr\u00e4sentierte eine Reihe bewegender Gedichte, die sich mit der ezidischen Identit\u00e4t und den Leiden des ezidischen Volkes befassten. Seine Verse \u00fcber Liebe und Sehnsucht fanden gro\u00dfe Resonanz beim Publikum und weckten Gef\u00fchle von Stolz und Zugeh\u00f6rigkeit.<\/p>\n\n\n\n<h3 class=\"wp-block-heading\"><strong>Interaktive Diskussionen und bereichernder Austausch<\/strong><\/h3>\n\n\n\n<p>W\u00e4hrend des Seminars f\u00fchrten die Teilnehmer offene Diskussionen, bei denen ezidische Jugendliche ihre Fragen und Gedanken einbrachten. Marwan Babiri beantwortete die Fragen ausf\u00fchrlich, was den Dialog vertiefte und ein besseres Verst\u00e4ndnis der Herausforderungen f\u00f6rderte, mit denen die ezidische Identit\u00e4t in der Diaspora konfrontiert ist.<\/p>\n\n\n\n<h3 class=\"wp-block-heading\"><strong>Engagement f\u00fcr den Erhalt der ezidischen Identit\u00e4t<\/strong><\/h3>\n\n\n\n<p>Am Ende des Seminars gingen die Teilnehmer mit einem tieferen Bewusstsein f\u00fcr ihre Verantwortung beim Schutz des ezidischen Erbes nach Hause. Sie verpflichteten sich, ihre Kultur an zuk\u00fcnftige Generationen weiterzugeben, um die ezidische Identit\u00e4t in der deutschen Gesellschaft weiter zu st\u00e4rken und zu verankern.<\/p>\n\n\n\n<p>\ud83d\udcc5 <strong>Datum:<\/strong> 02.06.2024<br>\ud83d\udccd <strong>Ort:<\/strong> Bielefeld, Deutschland<\/p>\n","protected":false},"excerpt":{"rendered":"<p>Die \u015eengal-Vereinigung f\u00fcr Kultur und Medien organisierte in der deutschen Stadt Bielefeld ein bedeutendes Kulturseminar, das sich mit der essenziellen Rolle ezidischer Jugendlicher bei &#8230; <a class=\"cz_readmore\" href=\"https:\/\/shingalverein.org\/de\/herausragendes\/\"><i class=\"fas fa-arrow-left\" aria-hidden=\"true\"><\/i><span>\u0642\u0631\u0627\u0621\u0629 \u0627\u0644\u0645\u0632\u064a\u062f<\/span><\/a><\/p>\n","protected":false},"author":2,"featured_media":2562,"comment_status":"open","ping_status":"open","sticky":false,"template":"","format":"standard","meta":{"footnotes":""},"categories":[91],"tags":[],"class_list":["post-2596","post","type-post","status-publish","format-standard","has-post-thumbnail","hentry","category-aktivitaten"],"_links":{"self":[{"href":"https:\/\/shingalverein.org\/de\/wp-json\/wp\/v2\/posts\/2596","targetHints":{"allow":["GET"]}}],"collection":[{"href":"https:\/\/shingalverein.org\/de\/wp-json\/wp\/v2\/posts"}],"about":[{"href":"https:\/\/shingalverein.org\/de\/wp-json\/wp\/v2\/types\/post"}],"author":[{"embeddable":true,"href":"https:\/\/shingalverein.org\/de\/wp-json\/wp\/v2\/users\/2"}],"replies":[{"embeddable":true,"href":"https:\/\/shingalverein.org\/de\/wp-json\/wp\/v2\/comments?post=2596"}],"version-history":[{"count":1,"href":"https:\/\/shingalverein.org\/de\/wp-json\/wp\/v2\/posts\/2596\/revisions"}],"predecessor-version":[{"id":2598,"href":"https:\/\/shingalverein.org\/de\/wp-json\/wp\/v2\/posts\/2596\/revisions\/2598"}],"wp:featuredmedia":[{"embeddable":true,"href":"https:\/\/shingalverein.org\/de\/wp-json\/wp\/v2\/media\/2562"}],"wp:attachment":[{"href":"https:\/\/shingalverein.org\/de\/wp-json\/wp\/v2\/media?parent=2596"}],"wp:term":[{"taxonomy":"category","embeddable":true,"href":"https:\/\/shingalverein.org\/de\/wp-json\/wp\/v2\/categories?post=2596"},{"taxonomy":"post_tag","embeddable":true,"href":"https:\/\/shingalverein.org\/de\/wp-json\/wp\/v2\/tags?post=2596"}],"curies":[{"name":"wp","href":"https:\/\/api.w.org\/{rel}","templated":true}]}}