{"id":2603,"date":"2025-03-14T18:51:19","date_gmt":"2025-03-14T15:51:19","guid":{"rendered":"https:\/\/shingalverein.org\/%d8%a7%d9%84%d8%a5%d9%8a%d8%b2%d9%8a%d8%af%d9%8a%d9%88%d9%86-%d8%b1%d8%ad%d9%84%d8%a9-%d8%b4%d8%b9%d8%a8%d9%8d-%d8%b9%d8%b1%d9%8a%d9%82-%d8%b9%d8%a8%d8%b1-%d8%a7%d9%84%d8%aa%d8%a7%d8%b1%d9%8a%d8%ae\/"},"modified":"2025-03-14T19:12:47","modified_gmt":"2025-03-14T16:12:47","slug":"die-jesiden","status":"publish","type":"post","link":"https:\/\/shingalverein.org\/de\/die-jesiden\/","title":{"rendered":"Die Jesiden: Die Reise eines uralten Volkes durch die Geschichte"},"content":{"rendered":"\n<p>Die Jesiden sind eine ethnische und religi\u00f6se Gruppe mit einer langen und komplexen Geschichte im Nahen Osten. Es wird angenommen, dass ihre Urspr\u00fcnge bis in die Antike zur\u00fcckreichen, wobei ihre Kultur mit vielen Zivilisationen in Verbindung steht, die in den Regionen des heutigen Irak, Syriens und der T\u00fcrkei entstanden sind \u2013 insbesondere in \u015eingal (Sindsch\u0101r) im Irak.<\/p>\n\n\n\n<h3 class=\"wp-block-heading\"><strong>Die Herkunft der Jesiden und ihre einzigartige Identit\u00e4t<\/strong><\/h3>\n\n\n\n<p>Die Jesiden betrachten sich als Nachfahren alter V\u00f6lker wie der Sumerer und Babylonier, was ihnen eine einzigartige kulturelle und religi\u00f6se Identit\u00e4t verleiht.<\/p>\n\n\n\n<h3 class=\"wp-block-heading\"><strong>Die jesidische Glaubenslehre und die Verbundenheit mit der Natur<\/strong><\/h3>\n\n\n\n<p>Die jesidische Religion zeichnet sich durch ihren besonderen Glauben aus. Die Jesiden glauben an den einen Gott, dessen Pr\u00e4senz sich besonders in der Natur manifestiert \u2013 insbesondere in der Sonne.<\/p>\n\n\n\n<p>F\u00fcr sie ist die Sonne ein Symbol f\u00fcr die Existenz und das Licht Gottes sowie eine Quelle des Lebens. Dieser Glaube spiegelt eine tief verwurzelte Spiritualit\u00e4t wider, die Anbetung und Ehrfurcht vor der Natur miteinander verbindet. Sie betrachten die Sonne als eine lebendige Verk\u00f6rperung der g\u00f6ttlichen Barmherzigkeit und des Lichts.<\/p>\n\n\n\n<h3 class=\"wp-block-heading\"><strong>Verfolgung und Konflikte in der Geschichte<\/strong><\/h3>\n\n\n\n<p>Im Laufe der Jahrhunderte waren die Jesiden immer wieder Marginalisierung und Verfolgung ausgesetzt \u2013 von den islamischen Eroberungen bis hin zu modernen Kriegen und Massakern. Sie wurden Ziel zahlreicher brutaler Angriffe, von denen der V\u00f6lkermord an den Jesiden durch den sogenannten Islamischen Staat (ISIS) im Jahr 2014 einer der schlimmsten war. Dabei wurden:<\/p>\n\n\n\n<ul class=\"wp-block-list\">\n<li>Tausende Jesiden ermordet<\/li>\n\n\n\n<li>Frauen und Kinder verschleppt<\/li>\n\n\n\n<li>H\u00e4user zerst\u00f6rt und ihr Besitz gepl\u00fcndert<\/li>\n<\/ul>\n\n\n\n<h3 class=\"wp-block-heading\"><strong>Kulturelle Identit\u00e4t und Widerstandsf\u00e4higkeit<\/strong><\/h3>\n\n\n\n<p>Trotz der immensen Herausforderungen haben die Jesiden ihre kulturelle und religi\u00f6se Identit\u00e4t bewahrt. Ihre Br\u00e4uche und religi\u00f6sen Rituale werden \u00fcber Generationen weitergegeben und spielen eine zentrale Rolle in ihrem t\u00e4glichen Leben.<\/p>\n\n\n\n<p>Die Jesiden sind bekannt f\u00fcr ihren starken Geist und ihren unersch\u00fctterlichen Willen, ihre Existenz zu bewahren, trotz aller Widrigkeiten.<\/p>\n\n\n\n<h3 class=\"wp-block-heading\"><strong>Geografische Verteilung heute<\/strong><\/h3>\n\n\n\n<p>Heute leben die Jesiden in mehreren L\u00e4ndern des Nahen Ostens, darunter:<\/p>\n\n\n\n<ul class=\"wp-block-list\">\n<li>Irak, Syrien, T\u00fcrkei, Armenien, Russland, Georgien<\/li>\n<\/ul>\n\n\n\n<p>Zus\u00e4tzlich gibt es jesidische Gemeinschaften in:<\/p>\n\n\n\n<ul class=\"wp-block-list\">\n<li>Deutschland, Schweden, den Niederlanden, den USA und Australien<\/li>\n<\/ul>\n\n\n\n<p>Trotz dieser weitreichenden Diaspora bleibt \u015eingal f\u00fcr viele Jesiden das kulturelle und religi\u00f6se Zentrum ihrer Identit\u00e4t.<\/p>\n","protected":false},"excerpt":{"rendered":"<p>Die Jesiden sind eine ethnische und religi\u00f6se Gruppe mit einer langen und komplexen Geschichte im Nahen Osten. Es wird angenommen, dass ihre Urspr\u00fcnge bis &#8230; <a class=\"cz_readmore\" href=\"https:\/\/shingalverein.org\/de\/die-jesiden\/\"><i class=\"fas fa-arrow-left\" aria-hidden=\"true\"><\/i><span>\u0642\u0631\u0627\u0621\u0629 \u0627\u0644\u0645\u0632\u064a\u062f<\/span><\/a><\/p>\n","protected":false},"author":2,"featured_media":2582,"comment_status":"open","ping_status":"open","sticky":false,"template":"","format":"standard","meta":{"footnotes":""},"categories":[93],"tags":[],"class_list":["post-2603","post","type-post","status-publish","format-standard","has-post-thumbnail","hentry","category-die-kultur-der-jesiden"],"_links":{"self":[{"href":"https:\/\/shingalverein.org\/de\/wp-json\/wp\/v2\/posts\/2603","targetHints":{"allow":["GET"]}}],"collection":[{"href":"https:\/\/shingalverein.org\/de\/wp-json\/wp\/v2\/posts"}],"about":[{"href":"https:\/\/shingalverein.org\/de\/wp-json\/wp\/v2\/types\/post"}],"author":[{"embeddable":true,"href":"https:\/\/shingalverein.org\/de\/wp-json\/wp\/v2\/users\/2"}],"replies":[{"embeddable":true,"href":"https:\/\/shingalverein.org\/de\/wp-json\/wp\/v2\/comments?post=2603"}],"version-history":[{"count":1,"href":"https:\/\/shingalverein.org\/de\/wp-json\/wp\/v2\/posts\/2603\/revisions"}],"predecessor-version":[{"id":2607,"href":"https:\/\/shingalverein.org\/de\/wp-json\/wp\/v2\/posts\/2603\/revisions\/2607"}],"wp:featuredmedia":[{"embeddable":true,"href":"https:\/\/shingalverein.org\/de\/wp-json\/wp\/v2\/media\/2582"}],"wp:attachment":[{"href":"https:\/\/shingalverein.org\/de\/wp-json\/wp\/v2\/media?parent=2603"}],"wp:term":[{"taxonomy":"category","embeddable":true,"href":"https:\/\/shingalverein.org\/de\/wp-json\/wp\/v2\/categories?post=2603"},{"taxonomy":"post_tag","embeddable":true,"href":"https:\/\/shingalverein.org\/de\/wp-json\/wp\/v2\/tags?post=2603"}],"curies":[{"name":"wp","href":"https:\/\/api.w.org\/{rel}","templated":true}]}}